{"id":670,"count":4,"description":"Der Elvetik-Schal besteht aus einem St\u00fcck, sodass er auch bei starkem Wind um den Hals bleibt.\nSie m\u00fcssen keinen Knoten kn\u00fcpfen, Sie m\u00fcssen ihn nicht in Ihre Jacke stecken! Es bleibt an Ort und Stelle, um Sie warm zu halten.","link":"https:\/\/elvetik.ch\/de\/categorie-produit\/herren\/muetzen-schals-herren\/","name":"M\u00fctzen &amp; Schals","slug":"muetzen-schals-herren","taxonomy":"product_cat","parent":660,"meta":[],"yoast_head":"<!-- This site is optimized with the Yoast SEO plugin v26.8-RC7 - https:\/\/yoast.com\/product\/yoast-seo-wordpress\/ -->\n<title>M\u00fctzen &amp; Schals - Elvetik<\/title>\n<meta name=\"robots\" content=\"index, follow, max-snippet:-1, max-image-preview:large, max-video-preview:-1\" \/>\n<link rel=\"canonical\" href=\"https:\/\/elvetik.ch\/de\/categorie-produit\/herren\/muetzen-schals-herren\/\" \/>\n<meta property=\"og:locale\" content=\"de_DE\" \/>\n<meta property=\"og:type\" content=\"article\" \/>\n<meta property=\"og:title\" content=\"M\u00fctzen &amp; Schals - Elvetik\" \/>\n<meta property=\"og:description\" content=\"Der Elvetik-Schal besteht aus einem St\u00fcck, sodass er auch bei starkem Wind um den Hals bleibt. Sie m\u00fcssen keinen Knoten kn\u00fcpfen, Sie m\u00fcssen ihn nicht in Ihre Jacke stecken! Es bleibt an Ort und Stelle, um Sie warm zu halten.\" \/>\n<meta property=\"og:url\" content=\"https:\/\/elvetik.ch\/de\/categorie-produit\/herren\/muetzen-schals-herren\/\" \/>\n<meta property=\"og:site_name\" content=\"Elvetik\" \/>\n<meta name=\"twitter:card\" content=\"summary_large_image\" \/>\n<script type=\"application\/ld+json\" class=\"yoast-schema-graph\">{\"@context\":\"https:\/\/schema.org\",\"@graph\":[{\"@type\":\"CollectionPage\",\"@id\":\"https:\/\/elvetik.ch\/de\/categorie-produit\/herren\/muetzen-schals-herren\/\",\"url\":\"https:\/\/elvetik.ch\/de\/categorie-produit\/herren\/muetzen-schals-herren\/\",\"name\":\"M\u00fctzen &amp; Schals - Elvetik\",\"isPartOf\":{\"@id\":\"http:\/\/elvetik.ch\/de\/#website\"},\"breadcrumb\":{\"@id\":\"https:\/\/elvetik.ch\/de\/categorie-produit\/herren\/muetzen-schals-herren\/#breadcrumb\"},\"inLanguage\":\"de\"},{\"@type\":\"BreadcrumbList\",\"@id\":\"https:\/\/elvetik.ch\/de\/categorie-produit\/herren\/muetzen-schals-herren\/#breadcrumb\",\"itemListElement\":[{\"@type\":\"ListItem\",\"position\":1,\"name\":\"Home\",\"item\":\"http:\/\/elvetik.ch\/de\/\"},{\"@type\":\"ListItem\",\"position\":2,\"name\":\"Herren\",\"item\":\"https:\/\/elvetik.ch\/de\/categorie-produit\/herren\/\"},{\"@type\":\"ListItem\",\"position\":3,\"name\":\"M\u00fctzen &amp; Schals\"}]},{\"@type\":\"WebSite\",\"@id\":\"http:\/\/elvetik.ch\/de\/#website\",\"url\":\"http:\/\/elvetik.ch\/de\/\",\"name\":\"Elvetik\",\"description\":\"\",\"publisher\":{\"@id\":\"http:\/\/elvetik.ch\/de\/#organization\"},\"potentialAction\":[{\"@type\":\"SearchAction\",\"target\":{\"@type\":\"EntryPoint\",\"urlTemplate\":\"http:\/\/elvetik.ch\/de\/?s={search_term_string}\"},\"query-input\":{\"@type\":\"PropertyValueSpecification\",\"valueRequired\":true,\"valueName\":\"search_term_string\"}}],\"inLanguage\":\"de\"},{\"@type\":\"Organization\",\"@id\":\"http:\/\/elvetik.ch\/de\/#organization\",\"name\":\"Elvetik\",\"url\":\"http:\/\/elvetik.ch\/de\/\",\"logo\":{\"@type\":\"ImageObject\",\"inLanguage\":\"de\",\"@id\":\"http:\/\/elvetik.ch\/de\/#\/schema\/logo\/image\/\",\"url\":\"https:\/\/elvetik.ch\/wp-content\/uploads\/2021\/05\/LOGO-elvetik.png\",\"contentUrl\":\"https:\/\/elvetik.ch\/wp-content\/uploads\/2021\/05\/LOGO-elvetik.png\",\"width\":800,\"height\":400,\"caption\":\"Elvetik\"},\"image\":{\"@id\":\"http:\/\/elvetik.ch\/de\/#\/schema\/logo\/image\/\"}}]}<\/script>\n<!-- \/ Yoast SEO plugin. -->","yoast_head_json":{"title":"M\u00fctzen &amp; Schals - Elvetik","robots":{"index":"index","follow":"follow","max-snippet":"max-snippet:-1","max-image-preview":"max-image-preview:large","max-video-preview":"max-video-preview:-1"},"canonical":"https:\/\/elvetik.ch\/de\/categorie-produit\/herren\/muetzen-schals-herren\/","og_locale":"de_DE","og_type":"article","og_title":"M\u00fctzen &amp; Schals - Elvetik","og_description":"Der Elvetik-Schal besteht aus einem St\u00fcck, sodass er auch bei starkem Wind um den Hals bleibt. Sie m\u00fcssen keinen Knoten kn\u00fcpfen, Sie m\u00fcssen ihn nicht in Ihre Jacke stecken! Es bleibt an Ort und Stelle, um Sie warm zu halten.","og_url":"https:\/\/elvetik.ch\/de\/categorie-produit\/herren\/muetzen-schals-herren\/","og_site_name":"Elvetik","twitter_card":"summary_large_image","schema":{"@context":"https:\/\/schema.org","@graph":[{"@type":"CollectionPage","@id":"https:\/\/elvetik.ch\/de\/categorie-produit\/herren\/muetzen-schals-herren\/","url":"https:\/\/elvetik.ch\/de\/categorie-produit\/herren\/muetzen-schals-herren\/","name":"M\u00fctzen &amp; Schals - Elvetik","isPartOf":{"@id":"http:\/\/elvetik.ch\/de\/#website"},"breadcrumb":{"@id":"https:\/\/elvetik.ch\/de\/categorie-produit\/herren\/muetzen-schals-herren\/#breadcrumb"},"inLanguage":"de"},{"@type":"BreadcrumbList","@id":"https:\/\/elvetik.ch\/de\/categorie-produit\/herren\/muetzen-schals-herren\/#breadcrumb","itemListElement":[{"@type":"ListItem","position":1,"name":"Home","item":"http:\/\/elvetik.ch\/de\/"},{"@type":"ListItem","position":2,"name":"Herren","item":"https:\/\/elvetik.ch\/de\/categorie-produit\/herren\/"},{"@type":"ListItem","position":3,"name":"M\u00fctzen &amp; Schals"}]},{"@type":"WebSite","@id":"http:\/\/elvetik.ch\/de\/#website","url":"http:\/\/elvetik.ch\/de\/","name":"Elvetik","description":"","publisher":{"@id":"http:\/\/elvetik.ch\/de\/#organization"},"potentialAction":[{"@type":"SearchAction","target":{"@type":"EntryPoint","urlTemplate":"http:\/\/elvetik.ch\/de\/?s={search_term_string}"},"query-input":{"@type":"PropertyValueSpecification","valueRequired":true,"valueName":"search_term_string"}}],"inLanguage":"de"},{"@type":"Organization","@id":"http:\/\/elvetik.ch\/de\/#organization","name":"Elvetik","url":"http:\/\/elvetik.ch\/de\/","logo":{"@type":"ImageObject","inLanguage":"de","@id":"http:\/\/elvetik.ch\/de\/#\/schema\/logo\/image\/","url":"https:\/\/elvetik.ch\/wp-content\/uploads\/2021\/05\/LOGO-elvetik.png","contentUrl":"https:\/\/elvetik.ch\/wp-content\/uploads\/2021\/05\/LOGO-elvetik.png","width":800,"height":400,"caption":"Elvetik"},"image":{"@id":"http:\/\/elvetik.ch\/de\/#\/schema\/logo\/image\/"}}]}},"cat_url":"https:\/\/elvetik.ch\/de\/categorie-produit\/herren\/muetzen-schals-herren\/","_links":{"self":[{"href":"https:\/\/elvetik.ch\/de\/wp-json\/wp\/v2\/product_cat\/670","targetHints":{"allow":["GET"]}}],"collection":[{"href":"https:\/\/elvetik.ch\/de\/wp-json\/wp\/v2\/product_cat"}],"about":[{"href":"https:\/\/elvetik.ch\/de\/wp-json\/wp\/v2\/taxonomies\/product_cat"}],"up":[{"embeddable":true,"href":"https:\/\/elvetik.ch\/de\/wp-json\/wp\/v2\/product_cat\/660"}],"wp:post_type":[{"href":"https:\/\/elvetik.ch\/de\/wp-json\/wp\/v2\/product?product_cat=670"}],"curies":[{"name":"wp","href":"https:\/\/api.w.org\/{rel}","templated":true}]}}